{"id":4956,"date":"2020-09-01T14:02:31","date_gmt":"2020-09-01T12:02:31","guid":{"rendered":"http:\/\/spszklarygorne.pl\/?p=4956"},"modified":"2020-09-01T14:02:32","modified_gmt":"2020-09-01T12:02:32","slug":"list-wojta-gminy-lubin-na-rozpoczecie-roku-szkolnego-2020-2021","status":"publish","type":"post","link":"https:\/\/spszklarygorne.pl\/?p=4956","title":{"rendered":"List W\u00f3jta Gminy Lubin na rozpocz\u0119cie roku szkolnego 2020\/2021"},"content":{"rendered":"\n<div class=\"wp-block-file\"><a href=\"http:\/\/spszklarygorne.pl\/wp-content\/uploads\/2020\/09\/list_010902020_wojt.pdf\">Wersja w PDF<\/a><a href=\"http:\/\/spszklarygorne.pl\/wp-content\/uploads\/2020\/09\/list_010902020_wojt.pdf\" class=\"wp-block-file__button\" download>Pobierz<\/a><\/div>\n\n\n\n<p class=\"wp-block-paragraph\"><strong>Drodzy Uczniowie, Rodzice, Nauczyciele, Dyrektorzy i Pracownicy gminnych szk\u00f3\u0142 i przedszkoli !<\/strong><\/p>\n\n\n\n<p class=\"wp-block-paragraph\">Uczniowie wr\u00f3cili ju\u017c do szk\u00f3\u0142. Jestem pe\u0142en nadziei, \u017ce spokojna stacjonarna nauka b\u0119dzie mo\u017cliwa przez ca\u0142y rok szkolny. Ubieg\u0142e miesi\u0105ce pracy zdalnej w czasie pandemii, by\u0142y bardzo trudne zar\u00f3wno dla uczni\u00f3w i ich rodzic\u00f3w oraz nauczycieli i dyrektor\u00f3w. Wymaga\u0142y przede wszystkim pe\u0142nej mobilizacji i wsp\u00f3\u0142dzia\u0142ania. Zdaj\u0119 sobie spraw\u0119, \u017ce podj\u0119ty wysi\u0142ek przyni\u00f3s\u0142 wiele dobrych owoc\u00f3w, ale wszyscy si\u0119 zgodzimy, \u017ce nawet najlepsze i najnowocze\u015bniejsze technologie nie zast\u0105pi\u0105 bezpo\u015bredniego kontaktu i nie stworz\u0105 przestrzeni do nawi\u0105zywania relacji oraz budowania wi\u0119zi, kt\u00f3re powstaj\u0105 w szkolnych murach.<\/p>\n\n\n\n<p class=\"wp-block-paragraph\">Bardzo si\u0119 ciesz\u0119, \u017ce nasi uczniowie w czasie egzamin\u00f3w \u00f3smoklasisty osi\u0105gn\u0119li dobre, a niekiedy bardzo dobre wyniki. Jestem przekonany, \u017ce te kilka miesi\u0119cy nauki zdalnej pozwoli\u0142y nam wyci\u0105gn\u0105\u0107 w\u0142a\u015bciwe wnioski, wdro\u017cy\u0107 stosowne systemy, i nauczeni do\u015bwiadczeniem, w spos\u00f3b skuteczny podejmiemy nauk\u0119 w roku szkolnym 2020\/2021. W obliczu wci\u0105\u017c szerz\u0105cej si\u0119 pandemii w dalszym ci\u0105gu musimy zachowa\u0107 szczeg\u00f3ln\u0105 ostro\u017cno\u015b\u0107, stosuj\u0105c si\u0119 do wytycznych organ\u00f3w zdrowia publicznego. Szko\u0142y i przedszkole przygotowa\u0142y procedury post\u0119powania na wypadek wyst\u0105pienia sytuacji zagro\u017cenia zaka\u017cenia COVID -19 i zabezpieczenia w \u015brodki higieny i dezynfekcji.<\/p>\n\n\n\n<p class=\"wp-block-paragraph\">Ta nowa rzeczywisto\u015b\u0107 dla ka\u017cdego z nas nie jest sytuacj\u0105 komfortow\u0105, ale ten trudny czas musimy przetrwa\u0107. 1 wrze\u015bnia 2020 roku we wszystkich szko\u0142ach rozpoczyna si\u0119 nauczanie stacjonarne, ale w miar\u0119 rozwoju sytuacji i potrzeb b\u0119dziemy respektowa\u0107 wnioski dotycz\u0105ce zmian w organizacji nauczania i ewentualnego rosn\u0105cego zagro\u017cenia.<\/p>\n\n\n\n<p class=\"wp-block-paragraph\">W rozpoczynaj\u0105cym si\u0119 roku szkolnym 2020\/2021 pragn\u0119 z\u0142o\u017cy\u0107 Wszystkim du\u017co zdrowia oraz si\u0142 w pokonywaniu wszelkich trudno\u015bci.<\/p>\n\n\n\n<p class=\"has-text-align-right wp-block-paragraph\">\/-\/ Tadeusz Kielan<\/p>\n\n\n\n<p class=\"wp-block-paragraph\">1 wrze\u015bnia 2020<\/p>\n","protected":false},"excerpt":{"rendered":"<p>Drodzy Uczniowie, Rodzice, Nauczyciele, Dyrektorzy i Pracownicy gminnych szk\u00f3\u0142 i przedszkoli ! Uczniowie wr\u00f3cili ju\u017c do szk\u00f3\u0142. Jestem pe\u0142en nadziei, \u017ce spokojna stacjonarna nauka b\u0119dzie mo\u017cliwa przez ca\u0142y rok szkolny. Ubieg\u0142e miesi\u0105ce pracy zdalnej w czasie pandemii, by\u0142y bardzo trudne <a href=\"https:\/\/spszklarygorne.pl\/?p=4956\" class=\"read-more\">Czytaj dalej<\/a><\/p>\n","protected":false},"author":1,"featured_media":4957,"comment_status":"closed","ping_status":"closed","sticky":false,"template":"","format":"standard","meta":{"footnotes":""},"categories":[1],"tags":[],"class_list":["post-4956","post","type-post","status-publish","format-standard","has-post-thumbnail","hentry","category-sp-szklary-gorne"],"_links":{"self":[{"href":"https:\/\/spszklarygorne.pl\/index.php?rest_route=\/wp\/v2\/posts\/4956","targetHints":{"allow":["GET"]}}],"collection":[{"href":"https:\/\/spszklarygorne.pl\/index.php?rest_route=\/wp\/v2\/posts"}],"about":[{"href":"https:\/\/spszklarygorne.pl\/index.php?rest_route=\/wp\/v2\/types\/post"}],"author":[{"embeddable":true,"href":"https:\/\/spszklarygorne.pl\/index.php?rest_route=\/wp\/v2\/users\/1"}],"replies":[{"embeddable":true,"href":"https:\/\/spszklarygorne.pl\/index.php?rest_route=%2Fwp%2Fv2%2Fcomments&post=4956"}],"version-history":[{"count":1,"href":"https:\/\/spszklarygorne.pl\/index.php?rest_route=\/wp\/v2\/posts\/4956\/revisions"}],"predecessor-version":[{"id":4959,"href":"https:\/\/spszklarygorne.pl\/index.php?rest_route=\/wp\/v2\/posts\/4956\/revisions\/4959"}],"wp:featuredmedia":[{"embeddable":true,"href":"https:\/\/spszklarygorne.pl\/index.php?rest_route=\/wp\/v2\/media\/4957"}],"wp:attachment":[{"href":"https:\/\/spszklarygorne.pl\/index.php?rest_route=%2Fwp%2Fv2%2Fmedia&parent=4956"}],"wp:term":[{"taxonomy":"category","embeddable":true,"href":"https:\/\/spszklarygorne.pl\/index.php?rest_route=%2Fwp%2Fv2%2Fcategories&post=4956"},{"taxonomy":"post_tag","embeddable":true,"href":"https:\/\/spszklarygorne.pl\/index.php?rest_route=%2Fwp%2Fv2%2Ftags&post=4956"}],"curies":[{"name":"wp","href":"https:\/\/api.w.org\/{rel}","templated":true}]}}